{"id":549,"date":"2017-09-19T19:11:19","date_gmt":"2017-09-19T17:11:19","guid":{"rendered":"http:\/\/sv-boele.de\/?p=549"},"modified":"2019-09-28T02:59:31","modified_gmt":"2019-09-28T00:59:31","slug":"wp-schuetzenkoenigin-2017","status":"publish","type":"post","link":"https:\/\/sv-boele.de\/?p=549","title":{"rendered":"WP-Sch\u00fctzenk\u00f6nigin 2017"},"content":{"rendered":"<div id=\"fb-root\"><\/div>\n<p>Unsere K\u00f6nigin Jana nimmt ebenfalls am Wettbewerb teil.<\/p>\n<p>Bitte t\u00e4glich f\u00fcr sie abstimmen!<\/p>\n<p><a href=\"https:\/\/www.wp-koenigin.de\/profile\/jana-n%C3%BCnnerich\/\" target=\"_blank\" rel=\"noopener\">Abstimmung<\/a><\/p>\n","protected":false},"excerpt":{"rendered":"<p>Unsere K\u00f6nigin Jana nimmt ebenfalls am Wettbewerb teil. Bitte t\u00e4glich f\u00fcr sie abstimmen! Abstimmung<\/p>\n","protected":false},"author":2,"featured_media":0,"comment_status":"open","ping_status":"open","sticky":false,"template":"","format":"standard","meta":{"footnotes":""},"categories":[3],"tags":[],"class_list":["post-549","post","type-post","status-publish","format-standard","hentry","category-archiv"],"_links":{"self":[{"href":"https:\/\/sv-boele.de\/index.php?rest_route=\/wp\/v2\/posts\/549"}],"collection":[{"href":"https:\/\/sv-boele.de\/index.php?rest_route=\/wp\/v2\/posts"}],"about":[{"href":"https:\/\/sv-boele.de\/index.php?rest_route=\/wp\/v2\/types\/post"}],"author":[{"embeddable":true,"href":"https:\/\/sv-boele.de\/index.php?rest_route=\/wp\/v2\/users\/2"}],"replies":[{"embeddable":true,"href":"https:\/\/sv-boele.de\/index.php?rest_route=%2Fwp%2Fv2%2Fcomments&post=549"}],"version-history":[{"count":4,"href":"https:\/\/sv-boele.de\/index.php?rest_route=\/wp\/v2\/posts\/549\/revisions"}],"predecessor-version":[{"id":553,"href":"https:\/\/sv-boele.de\/index.php?rest_route=\/wp\/v2\/posts\/549\/revisions\/553"}],"wp:attachment":[{"href":"https:\/\/sv-boele.de\/index.php?rest_route=%2Fwp%2Fv2%2Fmedia&parent=549"}],"wp:term":[{"taxonomy":"category","embeddable":true,"href":"https:\/\/sv-boele.de\/index.php?rest_route=%2Fwp%2Fv2%2Fcategories&post=549"},{"taxonomy":"post_tag","embeddable":true,"href":"https:\/\/sv-boele.de\/index.php?rest_route=%2Fwp%2Fv2%2Ftags&post=549"}],"curies":[{"name":"wp","href":"https:\/\/api.w.org\/{rel}","templated":true}]}}